{"id":748,"date":"2022-02-01T09:21:04","date_gmt":"2022-02-01T12:21:04","guid":{"rendered":"https:\/\/astroparsec.com\/?p=748"},"modified":"2022-02-01T09:21:06","modified_gmt":"2022-02-01T12:21:06","slug":"o-paleoclima-espacial-gravado-no-gelo-polar","status":"publish","type":"post","link":"https:\/\/astroparsec.com\/es\/2022\/02\/01\/o-paleoclima-espacial-gravado-no-gelo-polar","title":{"rendered":"El Paleoclima Espacial grabado en el hielo polar"},"content":{"rendered":"<div class = 'socialMediaOnEveryPost'><div id=\"sgmbShare1-1\" class=\"sgmbShare jssocials-theme-minima sgmbWidget1-1\"><\/div><div class=\"dropdownWrapper dropdownWrapper1 dropdownWrapper-for-widget \" id=\"dropdownWrapper-for-widget\">\r\n\t\t\t\t\t\t<div class=\"dropdownLabel\" id=\"dropdownLabel-share-list\"><span class=\"sgmbButtonListLabel1\">Share List<\/span><\/div>\r\n\t\t\t\t\t\t<div class=\"dropdownPanel dropdownPanel1-1\">\r\n\t\t\t\t\t\t<\/div>\r\n\t\t\t\t\t<\/div><script>  SGMB_URL = \"https:\/\/astroparsec.com\/wp-content\/plugins\/social-media-builder\/\"; jQuery(\".dropdownWrapper\").hide(); SGMB_GOOGLE_ACOUNT = \"\"; <\/script><script type=\"text\/javascript\">\r\n\t\tjQuery(document).ready(function($){var widget = new SGMBWidget();widget.show({\"id\":\"1\",\"title\":\"Compartilhar nas redes\",\"options\":{\"currentUrl\":\"1\",\"url\":\"\",\"shareText\":\"\",\"fontSize\":\"14\",\"betweenButtons\":\"1px\",\"theme\":\"cloud\",\"sgmbButtonsPosition\":\"topLeft\",\"socialTheme\":\"minima\",\"icon\":\"cloud\",\"buttonsPanelEffect\":\"shake\",\"buttonsEffect\":\"No Effect\",\"iconsEffect\":\"flip\",\"buttons\":\"{\\\"facebook\\\":{\\\"label\\\":\\\"Publicar\\\",\\\"icon\\\":\\\"cloud-facebook\\\"},\\\"twitter\\\":{\\\"label\\\":\\\"Tweet\\\",\\\"icon\\\":\\\"cloud-twitter\\\",\\\"via\\\":\\\"\\\",\\\"hashtags\\\":\\\"\\\"}}\",\"roundButton\":\"\",\"showLabels\":\"on\",\"showCounts\":\"\",\"showCenter\":\"\",\"showButtonsAsList\":\"\",\"sgmbDropdownColor\":\"\",\"sgmbDropdownLabelFontSize\":\"14\",\"sgmbDropdownLabelColor\":\"\",\"showButtonsOnEveryPost\":\"on\",\"selectedOrExcluded\":\"\",\"showButtonsOnEveryPage\":\"\",\"textOnEveryPost\":\"\",\"showButtonsOnCustomPost\":\"\",\"textOnCustomPost\":\"\",\"showButtonsOnMobileDirect\":\"on\",\"showButtonsOnDesktopDirect\":\"on\",\"sgmbSelectedPages\":[\"\"],\"sgmbExcludedPosts\":[\"\"],\"sgmbSelectedCustomPosts\":[],\"showButtonsInPopup\":\"\",\"titleOfPopup\":\"\",\"descriptionOfPopup\":\"\",\"showPopupOnLoad\":\"\",\"showPopupOnScroll\":\"\",\"showPopupOnExit\":\"\",\"openSecondsOfPopup\":\"\",\"googleAnaliticsAccount\":\"\"},\"buttonOptions\":{\"facebook\":{\"label\":\"Publicar\",\"icon\":\"cloud-facebook\"},\"twitter\":{\"label\":\"Tweet\",\"icon\":\"cloud-twitter\",\"via\":\"\",\"hashtags\":\"\"}},\"button\":[\"facebook\",\"twitter\"]}, 1, '', 'https:\/\/astroparsec.com\/wp-content\/uploads\/2022\/01\/nasa-extreme-space-weather-magnetic-field.png', '', 'https:\/\/astroparsec.com\/es\/2022\/02\/01\/o-paleoclima-espacial-gravado-no-gelo-polar'); });<\/script><\/div><script> jQuery(\".socialMediaOnEveryPost\").addClass(\"sgmb-left\") <\/script>\r\n<p class=\"has-small-font-size\"><em>Representaci\u00f3n de una eyecci\u00f3n coronal de masa (CME) asociada a un aumento de Part\u00edculas Energ\u00e9ticas Solares (SEP) y a una Intensificaci\u00f3n a Nivel del Suelo (GLE) con efectos sobre la actividad terrestre. Fuente: NASA\r\n<\/em>\r\n\r\n\r\n<p>Ya hablamos sobre Clima Espacial (ver <a href=\"https:\/\/astroparsec.com\/es\/2021\/03\/05\/quando-o-sol-quase-provocou-uma-guerra-nuclear\" target=\"_blank\" rel=\"noreferrer noopener\" data-type=\"URL\" data-id=\"https:\/\/astroparsec.com\/2021\/03\/05\/cuando-el-sol-casi-provoco-una-guerra-nuclear\">Cuando el Sol casi provoc\u00f3 una guerra nuclear<\/a> y <a href=\"https:\/\/astroparsec.com\/es\/2021\/06\/16\/tan-cerca-tan-lejos\" target=\"_blank\" rel=\"noreferrer noopener\" type=\"URL\" data-=\"\" data-id=\"https:\/\/astroparsec.com\/2021\/06\/16\/tao-perto-tao-longe\">Tan cerca, tan lejos<\/a>), un \u00e1rea muy reciente de \u200binvestigaci\u00f3n: de hecho, el t\u00e9rmino fue acu\u00f1ado a finales del siglo XX y tenemos observaciones desde hace menos de 200 a\u00f1os. La recopilaci\u00f3n de evidencias del pasado m\u00e1s remoto es importante para comprender mejor el fen\u00f3meno. Pero, \u00bfc\u00f3mo hacerlo cuando no hab\u00eda instrumentos, ni siquiera sospechas de su existencia? Bien, cuando el fen\u00f3meno es lo suficientemente intenso, debe dejar marcas, registros en la Tierra. Se trata por tanto de pruebas indirectas, <em>firmas<\/em> o, en nomenclatura inglesa, <em>proxies<\/em>.<\/p>\r\n\r\n\r\n\r\n\r\n<p>Uno de estos proxies es la abundancia de <a href=\"https:\/\/es.wikipedia.org\/wiki\/Is%C3%B3topo\" target=\"_blank\" rel=\"noreferrer noopener\">is\u00f3topos<\/a> atrapados en capas de hielo polar. Por ejemplo, <a href=\"https:\/\/es.wikipedia.org\/wiki\/Ber%C3%ADlio\" target=\"_blank\" rel=\"noreferrer noopener\">berilio<\/a> (Be) tiene el n\u00famero at\u00f3mico 4, pero en la atm\u00f3sfera terrestre puede producir un is\u00f3topo de n\u00famero at\u00f3mico 10, de s\u00edmbolo <sup>10<\/sup>Be, al ser bombardeado por part\u00edculas subat\u00f3micas c\u00f3smicas (<em>rayos c\u00f3smicos<\/em>). Tambi\u00e9n <a href=\"https:\/\/es.wikipedia.org\/wiki\/Chloro\" target=\"_blank\" rel=\"noreferrer noopener\">cloro<\/a> (Cl) n\u00famero 17 tiene un is\u00f3topo <em>atmosf\u00e9rico<\/em> de n\u00famero 36, el <sup>36<\/sup>Cl. Estos is\u00f3topos se precipitan y quedan atrapados en el hielo polar. Capas de hielo posteriores sepultar\u00e1n el registro y permitir\u00e1n a los <em>paeloclimat\u00f3logos<\/em> de hoy analizar cada capa y conocer su antig\u00fcedad con gran precisi\u00f3n. El an\u00e1lisis qu\u00edmico, a su vez, permitir\u00e1 determinar la proporci\u00f3n del is\u00f3topo presente. Un aumento en la proporci\u00f3n de is\u00f3topos con respecto a los niveles naturales indica que la atm\u00f3sfera terrestre fue bombardeada por rayos c\u00f3smicos con mayor intensidad que lo normal.<\/p>\r\n\r\n\r\n\r\n<p>Esto fue lo que hicieron <a id=\"https:\/\/www.nature.com\/articles\/s41467-021-27891-4\" href=\"https:\/\/www.nature.com\/articles\/s41467-021-27891-4\" target=\"_blank\" rel=\"noreferrer noopener\" data-type=\"URL\" data-=\"\">Chiara Paleari y colaboradores <\/a>(por cierto, Chiara&nbsp; es estudiante de doctorado en Suecia) usando muestras de un proyecto de investigaci\u00f3n del estudio del hielo de Groenlandia llamado <a href=\"https:\/\/eastgrip.org\/\" target=\"_blank\" rel=\"noreferrer noopener\" data-type=\"URL\" data-id=\"https:\/ \/eastgrip.org \/\">EGRIP<\/a> y que permite realizar an\u00e1lisis con una precisi\u00f3n temporal relativa superior a un a\u00f1o. Con base en los datos, nos dicen que hace unos 9200 a\u00f1os, la Tierra fue bombardeada fuertemente por rayos c\u00f3smicos que produjeron la mayor abundancia de <sup>10<\/sup>Be y <sup>36<\/sup>Cl hasta ahora conocida y con una duraci\u00f3n de varios a\u00f1os. El origen de estos rayos c\u00f3smicos solo puede ser solar. Los instrumentos en \u00f3rbita actuales observan directamente eventos similares que se denominan Part\u00edculas Energ\u00e9ticas Solares (SEP en ingl\u00e9s) y pueden causar Intensificaciones a Nivel del Suelo (GLE en ingl\u00e9s) en los detectores de neutrones. Sin embargo, los eventos contempor\u00e1neos m\u00e1s importantes tienen intensidades entre 100 y 10000 veces menores que el encontrado por Chiara, y ninguno de ellos ha dejado una marca visible en el hielo de Groenlandia. Adem\u00e1s, otros autores ya hab\u00edan encontrado proxies de GLEs que ocurrieron en los a\u00f1os 775 y 993, sin embargo, tambi\u00e9n fueron de menor intensidad que la reportada por Chiara en su art\u00edculo.<\/p>\r\n\r\n\r\n\r\n<p>La Paleoclimatolog\u00eda Espacial es una rama a\u00fan m\u00e1s reciente de la investigaci\u00f3n cient\u00edfica, y nos muestra un pasado m\u00e1s activo de las relaciones de la Tierra con el Sol. Conocer este pasado nos permite comprender mejor la din\u00e1mica del Sistema Solar que va mucho m\u00e1s all\u00e1 de la fuerza gravitacional. Tambi\u00e9n nos permitir\u00e1 estar atentos a las se\u00f1ales de eventos solares que puedan causar da\u00f1os a la biosfera terrestre, para mitigarlas.<\/p>\r\n<!-- \/wp:p\u00e1rrafo -->\r\n\r\n<!-- wp:p\u00e1rrafo -->\r\nArt\u00edculo original: <a href=\"https:\/\/www.nature.com\/articles\/s41467-021-27891-4\" target=\"_blank\" rel=\"noreferrer noopener\" data-type=\"URL\" data-id=\"https:\/\/www.nature.com\/articles\/s41467-021-27891-4\">\u00abCosmogenic radionuclides reveal an extreme solar particle storm near a solar minimum 9125 years BP\u00bb<\/a>.<\/p><!-- \/wp:p\u00e1rrafo -->\r\n\r\n<!-- wp:p\u00e1rrafo -->\r\nSobre Clima Espacial: <a href=\"http:\/\/www.sciesmex.unam.mx\/\" target=\"_blank\" rel=\"noreferrer noopener\" data-type=\"URL\" data-id=\"http:\/\/www2.inpe.br\/climaespacial\/portal\/prog-definicao\/\">P\u00e1gina del programa mexicano de Clima Espacial<\/a>&nbsp;","protected":false},"excerpt":{"rendered":"<p>Share List Representaci\u00f3n de una eyecci\u00f3n coronal de masa (CME) asociada a un aumento de Part\u00edculas Energ\u00e9ticas Solares (SEP) y a una Intensificaci\u00f3n a Nivel del Suelo (GLE) con efectos sobre la actividad terrestre. Fuente: NASA Ya hablamos sobre Clima Espacial (ver Cuando el Sol<\/p>\n<p class=\"entry-excerpt-more\"><a class=\"read-more\" href=\"https:\/\/astroparsec.com\/es\/2022\/02\/01\/o-paleoclima-espacial-gravado-no-gelo-polar\">Read More <i class=\"fa fa-long-arrow-right\"><\/i><\/a><\/p>\n","protected":false},"author":3,"featured_media":750,"comment_status":"open","ping_status":"open","sticky":false,"template":"","format":"standard","meta":{"twitterCardType":"","cardImageID":0,"cardImage":"","cardTitle":"","cardDesc":"","cardImageAlt":"","cardPlayer":"","cardPlayerWidth":0,"cardPlayerHeight":0,"cardPlayerStream":"","cardPlayerCodec":"","footnotes":""},"categories":[58,57,68,56],"tags":[88,107,108,105,106],"class_list":["post-748","post","type-post","status-publish","format-standard","has-post-thumbnail","hentry","category-actividad","category-clima-espacial","category-historia","category-sol","tag-atividade-solar","tag-gle","tag-paleoclima","tag-relacoes-sol-terra","tag-sep"],"_links":{"self":[{"href":"https:\/\/astroparsec.com\/es\/wp-json\/wp\/v2\/posts\/748","targetHints":{"allow":["GET"]}}],"collection":[{"href":"https:\/\/astroparsec.com\/es\/wp-json\/wp\/v2\/posts"}],"about":[{"href":"https:\/\/astroparsec.com\/es\/wp-json\/wp\/v2\/types\/post"}],"author":[{"embeddable":true,"href":"https:\/\/astroparsec.com\/es\/wp-json\/wp\/v2\/users\/3"}],"replies":[{"embeddable":true,"href":"https:\/\/astroparsec.com\/es\/wp-json\/wp\/v2\/comments?post=748"}],"version-history":[{"count":6,"href":"https:\/\/astroparsec.com\/es\/wp-json\/wp\/v2\/posts\/748\/revisions"}],"predecessor-version":[{"id":758,"href":"https:\/\/astroparsec.com\/es\/wp-json\/wp\/v2\/posts\/748\/revisions\/758"}],"wp:featuredmedia":[{"embeddable":true,"href":"https:\/\/astroparsec.com\/es\/wp-json\/wp\/v2\/media\/750"}],"wp:attachment":[{"href":"https:\/\/astroparsec.com\/es\/wp-json\/wp\/v2\/media?parent=748"}],"wp:term":[{"taxonomy":"category","embeddable":true,"href":"https:\/\/astroparsec.com\/es\/wp-json\/wp\/v2\/categories?post=748"},{"taxonomy":"post_tag","embeddable":true,"href":"https:\/\/astroparsec.com\/es\/wp-json\/wp\/v2\/tags?post=748"}],"curies":[{"name":"wp","href":"https:\/\/api.w.org\/{rel}","templated":true}]}}