{"id":501,"date":"2021-04-02T13:24:25","date_gmt":"2021-04-02T16:24:25","guid":{"rendered":"https:\/\/astroparsec.com\/?p=501"},"modified":"2021-04-02T16:01:37","modified_gmt":"2021-04-02T19:01:37","slug":"a-pascoa-e-a-lua","status":"publish","type":"post","link":"https:\/\/astroparsec.com\/es\/2021\/04\/02\/a-pascoa-e-a-lua","title":{"rendered":"La Pascua y la Luna"},"content":{"rendered":"<div class = 'socialMediaOnEveryPost'><div id=\"sgmbShare1-1\" class=\"sgmbShare jssocials-theme-minima sgmbWidget1-1\"><\/div><div class=\"dropdownWrapper dropdownWrapper1 dropdownWrapper-for-widget \" id=\"dropdownWrapper-for-widget\">\r\n\t\t\t\t\t\t<div class=\"dropdownLabel\" id=\"dropdownLabel-share-list\"><span class=\"sgmbButtonListLabel1\">Share List<\/span><\/div>\r\n\t\t\t\t\t\t<div class=\"dropdownPanel dropdownPanel1-1\">\r\n\t\t\t\t\t\t<\/div>\r\n\t\t\t\t\t<\/div><script>  SGMB_URL = \"https:\/\/astroparsec.com\/wp-content\/plugins\/social-media-builder\/\"; jQuery(\".dropdownWrapper\").hide(); SGMB_GOOGLE_ACOUNT = \"\"; <\/script><script type=\"text\/javascript\">\r\n\t\tjQuery(document).ready(function($){var widget = new SGMBWidget();widget.show({\"id\":\"1\",\"title\":\"Compartilhar nas redes\",\"options\":{\"currentUrl\":\"1\",\"url\":\"\",\"shareText\":\"\",\"fontSize\":\"14\",\"betweenButtons\":\"1px\",\"theme\":\"cloud\",\"sgmbButtonsPosition\":\"topLeft\",\"socialTheme\":\"minima\",\"icon\":\"cloud\",\"buttonsPanelEffect\":\"shake\",\"buttonsEffect\":\"No Effect\",\"iconsEffect\":\"flip\",\"buttons\":\"{\\\"facebook\\\":{\\\"label\\\":\\\"Publicar\\\",\\\"icon\\\":\\\"cloud-facebook\\\"},\\\"twitter\\\":{\\\"label\\\":\\\"Tweet\\\",\\\"icon\\\":\\\"cloud-twitter\\\",\\\"via\\\":\\\"\\\",\\\"hashtags\\\":\\\"\\\"}}\",\"roundButton\":\"\",\"showLabels\":\"on\",\"showCounts\":\"\",\"showCenter\":\"\",\"showButtonsAsList\":\"\",\"sgmbDropdownColor\":\"\",\"sgmbDropdownLabelFontSize\":\"14\",\"sgmbDropdownLabelColor\":\"\",\"showButtonsOnEveryPost\":\"on\",\"selectedOrExcluded\":\"\",\"showButtonsOnEveryPage\":\"\",\"textOnEveryPost\":\"\",\"showButtonsOnCustomPost\":\"\",\"textOnCustomPost\":\"\",\"showButtonsOnMobileDirect\":\"on\",\"showButtonsOnDesktopDirect\":\"on\",\"sgmbSelectedPages\":[\"\"],\"sgmbExcludedPosts\":[\"\"],\"sgmbSelectedCustomPosts\":[],\"showButtonsInPopup\":\"\",\"titleOfPopup\":\"\",\"descriptionOfPopup\":\"\",\"showPopupOnLoad\":\"\",\"showPopupOnScroll\":\"\",\"showPopupOnExit\":\"\",\"openSecondsOfPopup\":\"\",\"googleAnaliticsAccount\":\"\"},\"buttonOptions\":{\"facebook\":{\"label\":\"Publicar\",\"icon\":\"cloud-facebook\"},\"twitter\":{\"label\":\"Tweet\",\"icon\":\"cloud-twitter\",\"via\":\"\",\"hashtags\":\"\"}},\"button\":[\"facebook\",\"twitter\"]}, 1, '', 'https:\/\/astroparsec.com\/wp-content\/uploads\/2021\/03\/346589main_moonimg_02_full.jpg', '', 'https:\/\/astroparsec.com\/es\/2021\/04\/02\/a-pascoa-e-a-lua'); });<\/script><\/div><script> jQuery(\".socialMediaOnEveryPost\").addClass(\"sgmb-left\") <\/script><h5><em>De camino a J\u00fapiter, la nave espacial Galileo tom\u00f3 fotograf\u00edas de la Luna com la de arriba que es una composici\u00f3n obtenida el 7 de diciembre de 1992 y que muestra con gran detalle \u00aboc\u00e9anos\u00bb, \u00abmares\u00bb y cr\u00e1teres. La c\u00e1mara es sensible al infrarrojo de manera que muestra detalles invisibles al ojo humano. Cr\u00e9dito: <a href=\"https:\/\/www.nasa.gov\/mission_pages\/LRO\/multimedia\/moonimg_02.html\" target=\"_blank\" rel=\"noopener\">NASA<\/a>.\u00a0<\/em><\/h5>\r\n<p>En mi adolescencia sol\u00eda pasar el feriado de la Pascua Cristiana en un campamento fuera de la ciudad. Sin luces artificiales, las noches solo estaban iluminadas por la luz de la luna. Y fue en esas noches que not\u00e9 un fen\u00f3meno que me llam\u00f3 la atenci\u00f3n: siempre hab\u00eda Luna Llena. Pasaron varios a\u00f1os antes de que descubr\u00ed que mi observaci\u00f3n no fue por casualidad, en Semana Santa siempre hay luna llena.<\/p>\r\n<p>Hay varias historias que se entremezclan aqu\u00ed: el calendario, la religi\u00f3n y la astronom\u00eda. Y encuentro esta historia fascinante porque muestra todos las facetas de la cultura humana en el sentido m\u00e1s amplio. La definici\u00f3n de Domingo de Pascua es la siguiente: <em>el domingo despu\u00e9s de la Luna Llena del mes lunar del <a href=\"https:\/\/es.wikipedia.org\/wiki\/Equinoccio\" target=\"_blank\" rel=\"noopener\">Equinoccio Vernal<\/a><\/em>. Traduciendo: el equinoccio vernal es el comienzo de la primavera en el hemisferio norte, aproximadamente el 21 de marzo. El mes lunar comienza con la Luna Nueva, por lo que debemos buscar la Luna Nueva m\u00e1s pr\u00f3xima al 21 de marzo, luego encontrar su fase llena: el siguiente domingo ser\u00e1 Pascua. (A partir de Semana Santa se definen tambi\u00e9n <a href=\"https:\/\/es.wikipedia.org\/wiki\/Cuaresma\" target=\"_blank\" rel=\"noopener\">Cuaresma,<\/a>\u00a0<a href=\"https:\/\/es.wikipedia.org\/wiki\/Carnaval\" target=\"_blank\" rel=\"noopener\">Carnaval<\/a> y la celebraci\u00f3n de <a href=\"https:\/\/es.wikipedia.org\/wiki\/Pentecost%C3%A9s\" target=\"_blank\" rel=\"noopener\">Pentecost\u00e9s<\/a> y de\u00a0 <a href=\"https:\/\/es.wikipedia.org\/wiki\/Corpus_Christi\" target=\"_blank\" rel=\"noopener\">Corpus Christi<\/a>). Pero hay otras reglas adem\u00e1s: la Pascua debe ocurrir entre el 22 de marzo y el 25 de abril, y si la luna llena es un domingo, la Pascua ser\u00e1 el domingo siguiente (y cuando eso ocurre la Luna est\u00e1 en Cuarto Menguante, como este a\u00f1o 2021). Esta receta fue elaborada en el 325 d.C. (<a href=\"https:\/\/es.wikipedia.org\/wiki\/Concilio_de_Nicea_I\" target=\"_blank\" rel=\"noopener\">Concilio de Nicea<\/a>) y adoptada por toda la Iglesia Cristiana hacia el a\u00f1o 900. Para calcular la Luna Llena, la Iglesia Cat\u00f3lica\u00a0 utiliz\u00f3 los conocimientos del astr\u00f3nomo <a href=\"https:\/\/es.wikipedia.org\/wiki\/Claudio_Ptolomeo\" target=\"_blank\" rel=\"noopener\">Ptolomeo<\/a>, quien a su vez, se bas\u00f3 en el trabajo del astr\u00f3nomo griego <a href=\"https:\/\/es.wikipedia.org\/wiki\/Met%C3%B3n\" target=\"_blank\" rel=\"noopener\">Meton<\/a> (V a.C.).<\/p>\r\n<p>Las fases de la\u00a0 Luna tienen un per\u00edodo (<a href=\"https:\/\/es.wikipedia.org\/wiki\/Lunaci%C3%B3n\" target=\"_blank\" rel=\"noopener\">lunaci\u00f3n)<\/a> que var\u00eda entre 29,17 y 29,83 d\u00edas con una media de 29,53 d\u00edas. Met\u00f3n encontr\u00f3 una secuencia de 235 lunaciones que se repite en poco m\u00e1s de 19 a\u00f1os. Es este ciclo de Met\u00f3n el que usa la Iglesia Cat\u00f3lica para determinar la fecha de la Pascua. Y hay otro detalle, en la receta de Pascua, la fecha del equinoccio est\u00e1 fijada en el 21 de marzo. Astron\u00f3micamente esta fecha var\u00eda entre el 19 y el 22 de marzo. En 325 era dif\u00edcil hacer los c\u00e1lculos correctos, pero aunque hoy podamos usar <em>apps<\/em> de gran precisi\u00f3n en el celular,\u00a0 no ha cambiado la tradici\u00f3n de usar el Ciclo de Met\u00f3n.<\/p>\r\n<p>Por cierto, la fecha de Pascua es tan importante que provoc\u00f3 un cambio en el calendario en 1582. El <a href=\"https:\/\/es.wikipedia.org\/wiki\/Calendario_juliano\" target=\"_blank\" rel=\"noopener\">Calendario Juliano<\/a>, introducido en el 46 a. C., acumulaba un error de un d\u00eda cada 100 a\u00f1os aproximadamente. Entonces, para 1582, el equinoccio de primavera ocurr\u00eda alrededor del 10 de marzo, lo que pon\u00eda a todos los cristianos en pecado. La Iglesia corrigi\u00f3 el error y devolvi\u00f3 el equinoccio al 21 de marzo implantando\u00a0 el <a href=\"https:\/\/es.wikipedia.org\/wiki\/Calendario_gregoriano\" target=\"_blank\" rel=\"noopener\">Calendario Gregoriano<\/a>. Pero cambiar un calendario no es tan simple: la adopci\u00f3n de nuestro calendario tom\u00f3 cientos de a\u00f1os. Incluso los pa\u00edses cat\u00f3licos tardaron en usarlo, los brit\u00e1nicos solo en 1753, los rusos, griegos y chinos, en el siglo XX.<\/p>\r\n<p>Para saber m\u00e1s: <a href=\"https:\/\/cienciahoy.org.ar\/la-fecha-de-pascua\/\" target=\"_blank\" rel=\"noopener\">La Fecha de Pascua, Richard L. Branham Jr.<\/a>\u00a0<\/p>\r\n<p>Y para aquellos que quieran jugar con el Ciclo de Met\u00f3n, un c\u00f3digo Python (3.5+) que calcula la fecha de Pascua para cualquier a\u00f1o (adaptado de la referencia anterior)<\/p>\r\n<pre class=\"wp-block-code\"><code>import datetime as dt\r\n\r\n#####################################################################\r\n#\r\n# \"La Fecha de Pascua\", Ciencia Hoy, V6, N35.\r\n# Richard L. Branham Jr.\r\n#\r\n# Uso:\r\n# &gt;&gt;&gt; import pascua\r\n# &gt;&gt;&gt; m,n=pascua.compute(yyyy) \r\n#          yyyy es el a\u00f1o a calcular\r\n#          Retorna: m (mes), n (d\u00eda)\r\n#\r\n# Original en C.\r\n# Portado para Python por Guigue\r\n#           2021-03-31 (todavia sin mi dosis de vacuna contra COVID)\r\n#\r\n#####################################################################\r\n\r\ndef compute(y=dt.datetime.now().year):\r\n    g = y % 19 + 1\t\t\t\t# Aureal Number\r\n    c = y \/\/ 100 + 1\r\n    x = 3 * c \/\/ 4 - 12\r\n    z = (8 * c + 5) \/\/ 25 - 5\r\n    d = 5 * y \/\/ 4 - x - 10\r\n    e = (11 * g + 20 + z - x) % 30;\r\n\r\n    # Epacta\r\n    if ((e == 25) &amp; (g &gt; 11)) | (e == 24):\r\n         e += 1\r\n\r\n    # Meton Cycle\r\n    n = 44 - e\r\n    if (n &lt; 21):\r\n        n += 30\r\n    n = n + 7 - (d + n) % 7\r\n    m='Marzo'\r\n    if (n&gt;31):\r\n        n-=31\r\n        m = 'Abril'\r\n    print('\\n\\nLa fecha de Pascua para {0:4d} es {2:2d} de {1:4s} \\n\\n'.format(y,m,n))\r\n    return m,n\r\n<\/code><\/pre>\r\n<!-- \/wp:post-content -->\r\n<!-- wp:paragraph -->\r\n<p>&nbsp;<\/p>\r\n<!-- \/wp:paragraph -->","protected":false},"excerpt":{"rendered":"<p>Share List De camino a J\u00fapiter, la nave espacial Galileo tom\u00f3 fotograf\u00edas de la Luna com la de arriba que es una composici\u00f3n obtenida el 7 de diciembre de 1992 y que muestra con gran detalle \u00aboc\u00e9anos\u00bb, \u00abmares\u00bb y cr\u00e1teres. La c\u00e1mara es sensible al<\/p>\n<p class=\"entry-excerpt-more\"><a class=\"read-more\" href=\"https:\/\/astroparsec.com\/es\/2021\/04\/02\/a-pascoa-e-a-lua\">Read More <i class=\"fa fa-long-arrow-right\"><\/i><\/a><\/p>\n","protected":false},"author":3,"featured_media":505,"comment_status":"open","ping_status":"open","sticky":false,"template":"","format":"standard","meta":{"twitterCardType":"","cardImageID":0,"cardImage":"","cardTitle":"","cardDesc":"","cardImageAlt":"","cardPlayer":"","cardPlayerWidth":0,"cardPlayerHeight":0,"cardPlayerStream":"","cardPlayerCodec":"","footnotes":""},"categories":[1,68],"tags":[70,72,67,71,27,74,73,69],"class_list":["post-501","post","type-post","status-publish","format-standard","has-post-thumbnail","hentry","category-definiciones","category-historia","tag-calendario","tag-gregoriano","tag-historia","tag-juliano","tag-luna","tag-lunacao","tag-meton","tag-pascoa"],"_links":{"self":[{"href":"https:\/\/astroparsec.com\/es\/wp-json\/wp\/v2\/posts\/501","targetHints":{"allow":["GET"]}}],"collection":[{"href":"https:\/\/astroparsec.com\/es\/wp-json\/wp\/v2\/posts"}],"about":[{"href":"https:\/\/astroparsec.com\/es\/wp-json\/wp\/v2\/types\/post"}],"author":[{"embeddable":true,"href":"https:\/\/astroparsec.com\/es\/wp-json\/wp\/v2\/users\/3"}],"replies":[{"embeddable":true,"href":"https:\/\/astroparsec.com\/es\/wp-json\/wp\/v2\/comments?post=501"}],"version-history":[{"count":16,"href":"https:\/\/astroparsec.com\/es\/wp-json\/wp\/v2\/posts\/501\/revisions"}],"predecessor-version":[{"id":520,"href":"https:\/\/astroparsec.com\/es\/wp-json\/wp\/v2\/posts\/501\/revisions\/520"}],"wp:featuredmedia":[{"embeddable":true,"href":"https:\/\/astroparsec.com\/es\/wp-json\/wp\/v2\/media\/505"}],"wp:attachment":[{"href":"https:\/\/astroparsec.com\/es\/wp-json\/wp\/v2\/media?parent=501"}],"wp:term":[{"taxonomy":"category","embeddable":true,"href":"https:\/\/astroparsec.com\/es\/wp-json\/wp\/v2\/categories?post=501"},{"taxonomy":"post_tag","embeddable":true,"href":"https:\/\/astroparsec.com\/es\/wp-json\/wp\/v2\/tags?post=501"}],"curies":[{"name":"wp","href":"https:\/\/api.w.org\/{rel}","templated":true}]}}