{"id":125,"date":"2021-01-15T10:10:00","date_gmt":"2021-01-15T13:10:00","guid":{"rendered":"https:\/\/astroparsec.com\/?p=125"},"modified":"2021-01-29T14:58:35","modified_gmt":"2021-01-29T17:58:35","slug":"eclipse-solar-em-ondas-de-radio","status":"publish","type":"post","link":"https:\/\/astroparsec.com\/es\/2021\/01\/15\/eclipse-solar-en-ondas-de-radio","title":{"rendered":"Eclipse Solar en Ondas de Radio"},"content":{"rendered":"<div class = 'socialMediaOnEveryPost'><div id=\"sgmbShare1-1\" class=\"sgmbShare jssocials-theme-minima sgmbWidget1-1\"><\/div><div class=\"dropdownWrapper dropdownWrapper1 dropdownWrapper-for-widget \" id=\"dropdownWrapper-for-widget\">\r\n\t\t\t\t\t\t<div class=\"dropdownLabel\" id=\"dropdownLabel-share-list\"><span class=\"sgmbButtonListLabel1\">Share List<\/span><\/div>\r\n\t\t\t\t\t\t<div class=\"dropdownPanel dropdownPanel1-1\">\r\n\t\t\t\t\t\t<\/div>\r\n\t\t\t\t\t<\/div><script>  SGMB_URL = \"https:\/\/astroparsec.com\/wp-content\/plugins\/social-media-builder\/\"; jQuery(\".dropdownWrapper\").hide(); SGMB_GOOGLE_ACOUNT = \"\"; <\/script><script type=\"text\/javascript\">\r\n\t\tjQuery(document).ready(function($){var widget = new SGMBWidget();widget.show({\"id\":\"1\",\"title\":\"Compartilhar nas redes\",\"options\":{\"currentUrl\":\"1\",\"url\":\"\",\"shareText\":\"\",\"fontSize\":\"14\",\"betweenButtons\":\"1px\",\"theme\":\"cloud\",\"sgmbButtonsPosition\":\"topLeft\",\"socialTheme\":\"minima\",\"icon\":\"cloud\",\"buttonsPanelEffect\":\"shake\",\"buttonsEffect\":\"No Effect\",\"iconsEffect\":\"flip\",\"buttons\":\"{\\\"facebook\\\":{\\\"label\\\":\\\"Publicar\\\",\\\"icon\\\":\\\"cloud-facebook\\\"},\\\"twitter\\\":{\\\"label\\\":\\\"Tweet\\\",\\\"icon\\\":\\\"cloud-twitter\\\",\\\"via\\\":\\\"\\\",\\\"hashtags\\\":\\\"\\\"}}\",\"roundButton\":\"\",\"showLabels\":\"on\",\"showCounts\":\"\",\"showCenter\":\"\",\"showButtonsAsList\":\"\",\"sgmbDropdownColor\":\"\",\"sgmbDropdownLabelFontSize\":\"14\",\"sgmbDropdownLabelColor\":\"\",\"showButtonsOnEveryPost\":\"on\",\"selectedOrExcluded\":\"\",\"showButtonsOnEveryPage\":\"\",\"textOnEveryPost\":\"\",\"showButtonsOnCustomPost\":\"\",\"textOnCustomPost\":\"\",\"showButtonsOnMobileDirect\":\"on\",\"showButtonsOnDesktopDirect\":\"on\",\"sgmbSelectedPages\":[\"\"],\"sgmbExcludedPosts\":[\"\"],\"sgmbSelectedCustomPosts\":[],\"showButtonsInPopup\":\"\",\"titleOfPopup\":\"\",\"descriptionOfPopup\":\"\",\"showPopupOnLoad\":\"\",\"showPopupOnScroll\":\"\",\"showPopupOnExit\":\"\",\"openSecondsOfPopup\":\"\",\"googleAnaliticsAccount\":\"\"},\"buttonOptions\":{\"facebook\":{\"label\":\"Publicar\",\"icon\":\"cloud-facebook\"},\"twitter\":{\"label\":\"Tweet\",\"icon\":\"cloud-twitter\",\"via\":\"\",\"hashtags\":\"\"}},\"button\":[\"facebook\",\"twitter\"]}, 1, '', 'https:\/\/astroparsec.com\/wp-content\/uploads\/2020\/12\/SST2020-12-14_eclipse-sequence-2.png', '', 'https:\/\/astroparsec.com\/es\/2021\/01\/15\/eclipse-solar-en-ondas-de-radio'); });<\/script><\/div><script> jQuery(\".socialMediaOnEveryPost\").addClass(\"sgmb-left\") <\/script><p><img loading=\"lazy\" decoding=\"async\" class=\"wp-image-132 size-large\" src=\"https:\/\/astroparsec.com\/wp-content\/uploads\/2020\/12\/SST2020-12-14_eclipse-sequence-2-1024x306.png\" alt=\"Eclipse en 212 GHz\" width=\"525\" height=\"157\" srcset=\"https:\/\/astroparsec.com\/wp-content\/uploads\/2020\/12\/SST2020-12-14_eclipse-sequence-2-1024x306.png 1024w, https:\/\/astroparsec.com\/wp-content\/uploads\/2020\/12\/SST2020-12-14_eclipse-sequence-2-300x90.png 300w, https:\/\/astroparsec.com\/wp-content\/uploads\/2020\/12\/SST2020-12-14_eclipse-sequence-2-768x229.png 768w, https:\/\/astroparsec.com\/wp-content\/uploads\/2020\/12\/SST2020-12-14_eclipse-sequence-2-1536x459.png 1536w, https:\/\/astroparsec.com\/wp-content\/uploads\/2020\/12\/SST2020-12-14_eclipse-sequence-2-2048x612.png 2048w\" sizes=\"auto, (max-width: 525px) 100vw, 525px\" \/><em>Secuencia de im\u00e1genes del eclipse solar del 14 de diciembre de 2020. El disco amarillo es el Sol, el disco azul p\u00e1lido\u00a0 la Luna. Observaciones realizadas con el SST en longitudes de onda de 1,4 mm. Fuente: <a href=\"https:\/\/twitter.com\/guiguesp\" target=\"_blank\" rel=\"noopener\">@guiguesp<\/a><\/em><\/p>\n<p>El 14 de diciembre de 2020 hubo un eclipse solar total en la regi\u00f3n patag\u00f3nica de Am\u00e9rica (Chile \/ Argentina). A pesar de las restricciones causadas por el COVID-19, miles de personas fueron hasta el <em>Camino de la Totalidad<\/em> para apreciar el gran espect\u00e1culo natural.<\/p>\n<p>Desde el <a href=\"https:\/\/casleo.conicet.gov.ar\/\" target=\"_blank\" rel=\"noopener\">Observatorio CASLEO<\/a> (San Juan, Argentina) el <a href=\"https:\/\/casleo.conicet.gov.ar\/sst-lhm\/\" target=\"_blank\" rel=\"noopener\">Telescopio Solar para Ondas Submilim\u00e9tricas<\/a> (SST en ingl\u00e9s) registr\u00f3 el paso de la Luna frente al Sol en longitudes de onda de 1,4 mm (212 GHz). Es importante notar que en esta im\u00e1gen la Luna no es un <em>disco negro<\/em> como normalmente aparece, sino brillante, aunque d\u00e9bil en comparaci\u00f3n con el Sol. Esto pasa porque en el rango visible del espectro eletromagn\u00e9tico, el Sol es unas 10 mil millones de veces mas intenso que la Luna. En cambio en radio\u00a0 es, apenas, unas 10 veces mas intenso.<\/p>\n<p>\u00a0<\/p>\n","protected":false},"excerpt":{"rendered":"<p>Share List Secuencia de im\u00e1genes del eclipse solar del 14 de diciembre de 2020. El disco amarillo es el Sol, el disco azul p\u00e1lido\u00a0 la Luna. Observaciones realizadas con el SST en longitudes de onda de 1,4 mm. Fuente: @guiguesp El 14 de diciembre de<\/p>\n<p class=\"entry-excerpt-more\"><a class=\"read-more\" href=\"https:\/\/astroparsec.com\/es\/2021\/01\/15\/eclipse-solar-en-ondas-de-radio\">Read More <i class=\"fa fa-long-arrow-right\"><\/i><\/a><\/p>\n","protected":false},"author":3,"featured_media":132,"comment_status":"open","ping_status":"open","sticky":false,"template":"","format":"standard","meta":{"twitterCardType":"","cardImageID":0,"cardImage":"","cardTitle":"","cardDesc":"","cardImageAlt":"","cardPlayer":"","cardPlayerWidth":0,"cardPlayerHeight":0,"cardPlayerStream":"","cardPlayerCodec":"","footnotes":""},"categories":[26,18],"tags":[11,27,10,9,12],"class_list":["post-125","post","type-post","status-publish","format-standard","has-post-thumbnail","hentry","category-lunas","category-sistemasplanetarios","tag-eclipse","tag-luna","tag-radioastronomia","tag-sistema-solar","tag-sol"],"_links":{"self":[{"href":"https:\/\/astroparsec.com\/es\/wp-json\/wp\/v2\/posts\/125","targetHints":{"allow":["GET"]}}],"collection":[{"href":"https:\/\/astroparsec.com\/es\/wp-json\/wp\/v2\/posts"}],"about":[{"href":"https:\/\/astroparsec.com\/es\/wp-json\/wp\/v2\/types\/post"}],"author":[{"embeddable":true,"href":"https:\/\/astroparsec.com\/es\/wp-json\/wp\/v2\/users\/3"}],"replies":[{"embeddable":true,"href":"https:\/\/astroparsec.com\/es\/wp-json\/wp\/v2\/comments?post=125"}],"version-history":[{"count":12,"href":"https:\/\/astroparsec.com\/es\/wp-json\/wp\/v2\/posts\/125\/revisions"}],"predecessor-version":[{"id":241,"href":"https:\/\/astroparsec.com\/es\/wp-json\/wp\/v2\/posts\/125\/revisions\/241"}],"wp:featuredmedia":[{"embeddable":true,"href":"https:\/\/astroparsec.com\/es\/wp-json\/wp\/v2\/media\/132"}],"wp:attachment":[{"href":"https:\/\/astroparsec.com\/es\/wp-json\/wp\/v2\/media?parent=125"}],"wp:term":[{"taxonomy":"category","embeddable":true,"href":"https:\/\/astroparsec.com\/es\/wp-json\/wp\/v2\/categories?post=125"},{"taxonomy":"post_tag","embeddable":true,"href":"https:\/\/astroparsec.com\/es\/wp-json\/wp\/v2\/tags?post=125"}],"curies":[{"name":"wp","href":"https:\/\/api.w.org\/{rel}","templated":true}]}}